{"id":1472,"date":"2025-02-14T05:25:57","date_gmt":"2025-02-14T05:25:57","guid":{"rendered":"https:\/\/www.animaker.fr\/blog\/?p=1472"},"modified":"2025-02-22T15:26:36","modified_gmt":"2025-02-22T15:26:36","slug":"citations-sur-apprentissage-et-le-developpement","status":"publish","type":"post","link":"https:\/\/www.animaker.fr\/blog\/citations-sur-apprentissage-et-le-developpement\/","title":{"rendered":"11 citations sur apprentissage et le d\u00e9veloppement de vos leaders L&#038;D pr\u00e9f\u00e9r\u00e9s\u00a0!"},"content":{"rendered":"<span id=\"rgb(123, 074, 246)\"><\/span>\n\n<p>Soyons honn\u00eates. Le r\u00f4le d&#8217;un professionnel du L&amp;D (Learning and Development) n&#8217;est pas facile.\u00a0<\/p>\n\n\n\n<p>Ils doivent constamment se tenir au courant des derni\u00e8res tendances en mati\u00e8re de formation et de d\u00e9veloppement tout en s&#8217;effor\u00e7ant d&#8217;atteindre les r\u00e9sultats escompt\u00e9s. C&#8217;est un travail exigeant qui n\u00e9cessite de rester en t\u00eate dans un domaine en constante \u00e9volution.<\/p>\n\n\n\n<p>Sur le lieu de travail actuel, le d\u00e9fi est amplifi\u00e9 par la diversit\u00e9 des styles d&#8217;apprentissage des employ\u00e9s seniors et la courte dur\u00e9e d&#8217;attention des professionnels de la g\u00e9n\u00e9ration Z qui entrent sur le march\u00e9 du travail.&nbsp;<\/p>\n\n\n\n<p>Pour \u00e9quilibrer ces besoins, il est essentiel de cr\u00e9er un contenu d&#8217;apprentissage qui trouve un \u00e9cho aupr\u00e8s de diff\u00e9rents groupes d\u00e9mographiques.<\/p>\n\n\n\n<p>Mais comment trouver cet \u00e9quilibre dans ce secteur complexe ?<\/p>\n\n\n\n<p>Pour commencer, vous pouvez vous inspirer de leaders et d&#8217;influenceurs de la L&amp;D qui ont r\u00e9ussi.<\/p>\n\n\n\n<p>Dans cet article, nous allons donc partager quelques-unes de nos citations sur apprentissage et le d\u00e9veloppement provenant d&#8217;\u00e9minents leaders en la mati\u00e8re.<\/p>\n\n\n\n<p>Mais au lieu de simplement partager leurs citations sur apprentissage et le d\u00e9veloppement, nous fournirons \u00e9galement une br\u00e8ve pr\u00e9sentation de chacun d&#8217;entre eux. Cela aidera les professionnels et les passionn\u00e9s de l&#8217;apprentissage et du d\u00e9veloppement \u00e0 explorer leurs id\u00e9es et leurs strat\u00e9gies et \u00e0 faire partie de la communaut\u00e9.<\/p>\n\n\n\n<p>Sans plus attendre, commen\u00e7ons.<\/p>\n\n\n\n<h2 class=\"wp-block-heading\"><strong>1. Shannon Tipton<\/strong><\/h2>\n\n\n\n<figure class=\"wp-block-image size-large\"><img loading=\"lazy\" decoding=\"async\" width=\"1024\" height=\"576\" src=\"https:\/\/www.animaker.fr\/blog\/wp-content\/uploads\/2025\/02\/shannon-tipton-1024x576.png\" alt=\"shannon tipton\" class=\"wp-image-1468\" srcset=\"https:\/\/www.animaker.fr\/blog\/wp-content\/uploads\/2025\/02\/shannon-tipton-1024x576.png 1024w, https:\/\/www.animaker.fr\/blog\/wp-content\/uploads\/2025\/02\/shannon-tipton-300x169.png 300w, https:\/\/www.animaker.fr\/blog\/wp-content\/uploads\/2025\/02\/shannon-tipton-768x432.png 768w, https:\/\/www.animaker.fr\/blog\/wp-content\/uploads\/2025\/02\/shannon-tipton-1536x864.png 1536w, https:\/\/www.animaker.fr\/blog\/wp-content\/uploads\/2025\/02\/shannon-tipton.png 1920w\" sizes=\"(max-width: 1024px) 100vw, 1024px\" \/><\/figure>\n\n\n\n<p><a href=\"https:\/\/www.linkedin.com\/in\/shannontipton\/\" target=\"_blank\" rel=\"noreferrer noopener\">Shannon Tipton <\/a>est une strat\u00e8ge de l&#8217;apprentissage et une partisane du changement dans l&#8217;apprentissage sur le lieu de travail, avec pr\u00e8s de 30 ans d&#8217;exp\u00e9rience dans le secteur de la formation et du d\u00e9veloppement.<\/p>\n\n\n\n<p>Elle est \u00e9galement experte en microapprentissage et partage ses id\u00e9es sur des sujets tels que l&#8217;apprentissage mixte, les technologies d&#8217;apprentissage et les meilleures pratiques en mati\u00e8re de conception p\u00e9dagogique.<\/p>\n\n\n\n<p>Dans cette citation, Shannon souligne que, quel que soit leur \u00e2ge, les apprenants pr\u00e9f\u00e8rent g\u00e9n\u00e9ralement des exp\u00e9riences d&#8217;apprentissage plus courtes et plus engageantes.<\/p>\n\n\n\n<p>Le principal enseignement \u00e0 tirer de cette citation est qu&#8217;une formation efficace doit se concentrer sur la cr\u00e9ation d&#8217;un contenu concis, engageant et pertinent. En utilisant le microlearning pour diviser l&#8217;information en segments plus courts, les professionnels de la formation et du d\u00e9veloppement peuvent mieux impliquer tous les apprenants et am\u00e9liorer la r\u00e9tention.<\/p>\n\n\n\n<p>Les professionnels L&amp;D \u00e0 la recherche de conseils pratiques, de discussions et d&#8217;un engagement actif dans la communaut\u00e9 L&amp;D avec des id\u00e9es et des strat\u00e9gies pr\u00e9cieuses devraient suivre Shannon Tipton.&nbsp;<\/p>\n\n\n\n<p>R\u00e9cemment, nous avons eu l&#8217;occasion d&#8217;<a href=\"https:\/\/youtu.be\/bczAN14AFJo?si=xzYTa1FJ26PZZ2Ag\" target=\"_blank\" rel=\"noreferrer noopener\">interviewer <\/a>Shannon Tipton sur le microlearning. Dans cette interview, elle a parl\u00e9 de l&#8217;\u00e9volution du microlearning et a soulign\u00e9 l&#8217;importance de se concentrer sur un seul sujet \u00e0 la fois pour une formation efficace.<\/p>\n\n\n\n<h2 class=\"wp-block-heading\"><strong>2. Alexander Salas<\/strong><\/h2>\n\n\n\n<figure class=\"wp-block-image size-large\"><img loading=\"lazy\" decoding=\"async\" width=\"1024\" height=\"576\" src=\"https:\/\/www.animaker.fr\/blog\/wp-content\/uploads\/2025\/02\/Alexander-Salas-1024x576.png\" alt=\"Alexander Salas\" class=\"wp-image-1461\" srcset=\"https:\/\/www.animaker.fr\/blog\/wp-content\/uploads\/2025\/02\/Alexander-Salas-1024x576.png 1024w, https:\/\/www.animaker.fr\/blog\/wp-content\/uploads\/2025\/02\/Alexander-Salas-300x169.png 300w, https:\/\/www.animaker.fr\/blog\/wp-content\/uploads\/2025\/02\/Alexander-Salas-768x432.png 768w, https:\/\/www.animaker.fr\/blog\/wp-content\/uploads\/2025\/02\/Alexander-Salas-1536x864.png 1536w, https:\/\/www.animaker.fr\/blog\/wp-content\/uploads\/2025\/02\/Alexander-Salas.png 1920w\" sizes=\"(max-width: 1024px) 100vw, 1024px\" \/><\/figure>\n\n\n\n<p><a href=\"https:\/\/www.linkedin.com\/in\/stylelearn\" target=\"_blank\" rel=\"noreferrer noopener\">Alexander Salas <\/a>est un concepteur p\u00e9dagogique prim\u00e9 dans le domaine de la formation et du d\u00e9veloppement.\u00a0<\/p>\n\n\n\n<p>. Salas est reconnu pour son approche cr\u00e9ative de la conception p\u00e9dagogique, notamment son utilisation d&#8217;exp\u00e9riences d&#8217;apprentissage par le jeu, telles que les salles d&#8217;\u00e9vasion eLearning, qui stimulent l&#8217;engagement et la r\u00e9tention de l&#8217;apprentissage.&nbsp;<\/p>\n\n\n\n<p>En outre, il partage fr\u00e9quemment ses id\u00e9es et ses exp\u00e9riences par le biais de diverses plateformes, notamment des podcasts et des articles de blog, ce qui fait de lui un leader d&#8217;opinion tr\u00e8s respect\u00e9 dans le domaine de la formation et du d\u00e9veloppement.<\/p>\n\n\n\n<p>Cette citation d&#8217;Alexander Salas souligne que l&#8217;efficacit\u00e9 d&#8217;un cours eLearning ne d\u00e9pend pas seulement de l&#8217;utilisation de la vid\u00e9o, mais aussi de la conception et de l&#8217;ex\u00e9cution r\u00e9fl\u00e9chies du contenu.<\/p>\n\n\n\n<p>Ce qu&#8217;il faut retenir de la citation de M. Salas, c&#8217;est que c&#8217;est la conception &#8211; le flux narratif, l&#8217;attrait visuel, l&#8217;interactivit\u00e9 et l&#8217;alignement sur les objectifs d&#8217;apprentissage &#8211; qui rend le contenu r\u00e9ellement percutant.<\/p>\n\n\n\n<p>Les professionnels de la formation et du d\u00e9veloppement qui cherchent \u00e0 am\u00e9liorer leurs comp\u00e9tences en mati\u00e8re de conception p\u00e9dagogique et \u00e0 se tenir au courant des pratiques innovantes devraient suivre Alexander Salas pour obtenir des id\u00e9es et des conseils d&#8217;experts.&nbsp;<\/p>\n\n\n\n<h2 class=\"wp-block-heading\"><strong>3. Josh Cavalier<\/strong><\/h2>\n\n\n\n<figure class=\"wp-block-image size-large\"><img loading=\"lazy\" decoding=\"async\" width=\"1024\" height=\"576\" src=\"https:\/\/www.animaker.fr\/blog\/wp-content\/uploads\/2025\/02\/Josh-Cavalier-1024x576.png\" alt=\"Josh Cavalier\" class=\"wp-image-1465\" srcset=\"https:\/\/www.animaker.fr\/blog\/wp-content\/uploads\/2025\/02\/Josh-Cavalier-1024x576.png 1024w, https:\/\/www.animaker.fr\/blog\/wp-content\/uploads\/2025\/02\/Josh-Cavalier-300x169.png 300w, https:\/\/www.animaker.fr\/blog\/wp-content\/uploads\/2025\/02\/Josh-Cavalier-768x432.png 768w, https:\/\/www.animaker.fr\/blog\/wp-content\/uploads\/2025\/02\/Josh-Cavalier-1536x864.png 1536w, https:\/\/www.animaker.fr\/blog\/wp-content\/uploads\/2025\/02\/Josh-Cavalier.png 1920w\" sizes=\"(max-width: 1024px) 100vw, 1024px\" \/><\/figure>\n\n\n\n<p><a href=\"https:\/\/www.linkedin.com\/in\/joshcavalier\/?lipi=urn%3Ali%3Apage%3Ad_flagship3_profile_view_base_recent_activity_content_view%3BGPRsyjP%2BT5%2BKrRnss16ztw%3D%3D\" target=\"_blank\" rel=\"noreferrer noopener\">Josh Cavalier <\/a>est un \u00e9minent sp\u00e9cialiste de l&#8217;apprentissage et du d\u00e9veloppement (L&amp;D) avec pr\u00e8s de trente ans d&#8217;exp\u00e9rience.<\/p>\n\n\n\n<p>Il est particuli\u00e8rement connu pour son expertise dans l&#8217;utilisation des technologies d&#8217;IA g\u00e9n\u00e9rative, telles que ChatGPT, afin d&#8217;am\u00e9liorer les comp\u00e9tences professionnelles et personnelles.&nbsp;<\/p>\n\n\n\n<p>Dans cette citation, Josh souligne que la contribution de l&#8217;IA peut consid\u00e9rablement am\u00e9liorer les flux de travail et la productivit\u00e9 de l&#8217;\u00e9quipe de formation et de d\u00e9veloppement lorsqu&#8217;elle est comprise et appliqu\u00e9e correctement.&nbsp;<\/p>\n\n\n\n<p>Ce qu&#8217;il faut retenir de cette citation, c&#8217;est qu&#8217;il est essentiel de ma\u00eetriser les technologies de l&#8217;IA pour tirer pleinement parti de leur potentiel et r\u00e9volutionner les strat\u00e9gies de L&amp;D.<\/p>\n\n\n\n<p>Les professionnels de la formation et du d\u00e9veloppement et les passionn\u00e9s d&#8217;IA qui souhaitent apprendre \u00e0 int\u00e9grer l&#8217;IA g\u00e9n\u00e9rative dans leurs pratiques devraient suivre Josh Cavalier<\/p>\n\n\n\n<h2 class=\"wp-block-heading\"><strong>4. David James<\/strong><\/h2>\n\n\n\n<figure class=\"wp-block-image size-large\"><img loading=\"lazy\" decoding=\"async\" width=\"1024\" height=\"576\" src=\"https:\/\/www.animaker.fr\/blog\/wp-content\/uploads\/2025\/02\/David-James-1024x576.png\" alt=\"David James\" class=\"wp-image-1462\" srcset=\"https:\/\/www.animaker.fr\/blog\/wp-content\/uploads\/2025\/02\/David-James-1024x576.png 1024w, https:\/\/www.animaker.fr\/blog\/wp-content\/uploads\/2025\/02\/David-James-300x169.png 300w, https:\/\/www.animaker.fr\/blog\/wp-content\/uploads\/2025\/02\/David-James-768x432.png 768w, https:\/\/www.animaker.fr\/blog\/wp-content\/uploads\/2025\/02\/David-James-1536x864.png 1536w, https:\/\/www.animaker.fr\/blog\/wp-content\/uploads\/2025\/02\/David-James.png 1920w\" sizes=\"(max-width: 1024px) 100vw, 1024px\" \/><\/figure>\n\n\n\n<p><a href=\"https:\/\/www.linkedin.com\/in\/davidjameslinkedin\/?lipi=urn%3Ali%3Apage%3Ad_flagship3_profile_view_base_recent_activity_content_view%3B4EqXGw73SwmTulZb%2FoymWA%3D%3D\" target=\"_blank\" rel=\"noreferrer noopener\">David James <\/a>est un Chief Learning Officer et un professionnel du d\u00e9veloppement des personnes avec plus de 25 ans d&#8217;exp\u00e9rience professionnelle.<\/p>\n\n\n\n<p>En outre, il anime un <a href=\"https:\/\/podcasts.apple.com\/us\/podcast\/the-learning-development-podcast\/id1466927523\" target=\"_blank\" rel=\"noreferrer noopener\">podcast <\/a>dans lequel il interviewe des personnalit\u00e9s influentes du secteur de la formation et du d\u00e9veloppement pour discuter des tendances et des d\u00e9fis actuels en mati\u00e8re d&#8217;apprentissage sur le lieu de travail et donner un aper\u00e7u des strat\u00e9gies d&#8217;apprentissage efficaces.<\/p>\n\n\n\n<p>Dans cette citation, David James souligne que si le contenu est convaincant et correspond aux besoins et aux objectifs de l&#8217;apprenant, ce dernier n&#8217;aura pas l&#8217;impression que la formation est forc\u00e9e ou qu&#8217;elle a \u00e9t\u00e9 rendue obligatoire.<\/p>\n\n\n\n<p>Ce qu&#8217;il faut retenir de cette citation, c&#8217;est que lorsque les apprenants per\u00e7oivent la formation comme b\u00e9n\u00e9fique et utile \u00e0 leur d\u00e9veloppement, ils sont plus susceptibles de s&#8217;engager activement et de tirer un maximum de profit de l&#8217;exp\u00e9rience.&nbsp;<\/p>\n\n\n\n<p>Les professionnels de la formation et du d\u00e9veloppement qui souhaitent approfondir leurs connaissances et se tenir au courant des \u00e9volutions du secteur devraient suivre David James et son podcast.<\/p>\n\n\n\n<h2 class=\"wp-block-heading\"><strong>5. Tim Slade<\/strong><\/h2>\n\n\n\n<figure class=\"wp-block-image size-large\"><img loading=\"lazy\" decoding=\"async\" width=\"1024\" height=\"576\" src=\"https:\/\/www.animaker.fr\/blog\/wp-content\/uploads\/2025\/02\/Tim-Slade-1024x576.png\" alt=\"Tim Slade\" class=\"wp-image-1469\" srcset=\"https:\/\/www.animaker.fr\/blog\/wp-content\/uploads\/2025\/02\/Tim-Slade-1024x576.png 1024w, https:\/\/www.animaker.fr\/blog\/wp-content\/uploads\/2025\/02\/Tim-Slade-300x169.png 300w, https:\/\/www.animaker.fr\/blog\/wp-content\/uploads\/2025\/02\/Tim-Slade-768x432.png 768w, https:\/\/www.animaker.fr\/blog\/wp-content\/uploads\/2025\/02\/Tim-Slade-1536x864.png 1536w, https:\/\/www.animaker.fr\/blog\/wp-content\/uploads\/2025\/02\/Tim-Slade.png 1920w\" sizes=\"(max-width: 1024px) 100vw, 1024px\" \/><\/figure>\n\n\n\n<p><a href=\"https:\/\/www.linkedin.com\/in\/sladetim\/\" target=\"_blank\" rel=\"noreferrer noopener\">Tim Slade <\/a>est connu dans l&#8217;industrie pour son expertise en mati\u00e8re de conception p\u00e9dagogique, de d\u00e9veloppement de l&#8217;apprentissage en ligne et de conception visuelle pour l&#8217;apprentissage.<\/p>\n\n\n\n<p>Il est particuli\u00e8rement reconnu pour son approche pratique de l&#8217;int\u00e9gration d&#8217;\u00e9l\u00e9ments visuels et interactifs dans les supports d&#8217;apprentissage en ligne afin d&#8217;am\u00e9liorer l&#8217;engagement et la compr\u00e9hension de l&#8217;apprenant.&nbsp;<\/p>\n\n\n\n<p>Dans cette citation, Tim Slade souligne l&#8217;importance d&#8217;utiliser des graphiques visuellement attrayants et des interactions significatives, comme les simulations, qui favorisent la participation active et rendent l&#8217;apprentissage m\u00e9morable et percutant.<\/p>\n\n\n\n<p>Ce qu&#8217;il faut retenir de cette citation, c&#8217;est que les \u00e9ducateurs et les concepteurs p\u00e9dagogiques peuvent am\u00e9liorer l&#8217;engagement de l&#8217;apprenant, la r\u00e9tention et les r\u00e9sultats globaux de l&#8217;apprentissage en cr\u00e9ant un contenu visuel et des \u00e9l\u00e9ments interactifs attrayants.&nbsp;<\/p>\n\n\n\n<p>Les professionnels de la formation et du d\u00e9veloppement et les concepteurs de contenu qui souhaitent am\u00e9liorer leurs comp\u00e9tences dans ce domaine devraient suivre Tim Slade afin d&#8217;acqu\u00e9rir des connaissances pratiques et des strat\u00e9gies pour cr\u00e9er des exp\u00e9riences d&#8217;apprentissage attrayantes et efficaces.<\/p>\n\n\n\n<p>Inspir\u00e9 par ces leaders en L&amp;D et pr\u00eat \u00e0 cr\u00e9er des cours percutants ?<br>Pr\u00eat \u00e0 cr\u00e9er des cours apr\u00e8s avoir appris de ces experts en L&amp;D ?<\/p>\n\n\n\n<p>Vous vous sentez inspir\u00e9s par ces experts en L&amp;D et pr\u00eats \u00e0 transformer vos programmes de formation ?<\/p>\n\n\n\n<p>Pr\u00eat \u00e0 innover dans vos m\u00e9thodes de formation apr\u00e8s avoir appris de ces leaders L&amp;D ?<\/p>\n\n\n\n<h2 class=\"wp-block-heading\"><strong>6. Amanda Ngyuen<\/strong><\/h2>\n\n\n\n<figure class=\"wp-block-image size-large\"><img loading=\"lazy\" decoding=\"async\" width=\"1024\" height=\"576\" src=\"https:\/\/www.animaker.fr\/blog\/wp-content\/uploads\/2025\/02\/Amanda-Nguyen-1-1024x576.png\" alt=\"Amanda Nguyen\" class=\"wp-image-1471\" srcset=\"https:\/\/www.animaker.fr\/blog\/wp-content\/uploads\/2025\/02\/Amanda-Nguyen-1-1024x576.png 1024w, https:\/\/www.animaker.fr\/blog\/wp-content\/uploads\/2025\/02\/Amanda-Nguyen-1-300x169.png 300w, https:\/\/www.animaker.fr\/blog\/wp-content\/uploads\/2025\/02\/Amanda-Nguyen-1-768x432.png 768w, https:\/\/www.animaker.fr\/blog\/wp-content\/uploads\/2025\/02\/Amanda-Nguyen-1-1536x864.png 1536w, https:\/\/www.animaker.fr\/blog\/wp-content\/uploads\/2025\/02\/Amanda-Nguyen-1.png 1920w\" sizes=\"(max-width: 1024px) 100vw, 1024px\" \/><\/figure>\n\n\n\n<p><a href=\"https:\/\/www.linkedin.com\/in\/amandalxd\/?lipi=urn%3Ali%3Apage%3Ad_flagship3_profile_view_base_recent_activity_content_view%3BYh8p7zUnQ0SKRcS7YKiGSA%3D%3D\" target=\"_blank\" rel=\"noreferrer noopener\">Amanda Ngyuen <\/a>est une conceptrice d&#8217;exp\u00e9riences d&#8217;apprentissage avec plus de 12 ans d&#8217;exp\u00e9rience dans le domaine de l&#8217;apprentissage et du d\u00e9veloppement organisationnel.<\/p>\n\n\n\n<p>Elle fournit \u00e9galement des solutions aux \u00e9quipes L&amp;D en cr\u00e9ant des guides interactifs, des applications d&#8217;apprentissage, des chatbots, des exp\u00e9riences de r\u00e9alit\u00e9 virtuelle, etc.<\/p>\n\n\n\n<p>Dans cette citation, Amanda Ngyuen souligne l&#8217;importance de la narration en tant qu&#8217;outil strat\u00e9gique dans l&#8217;apprentissage et le d\u00e9veloppement, sugg\u00e9rant qu&#8217;il s&#8217;agit d&#8217;une approche syst\u00e9matique pour aider les apprenants \u00e0 relier des concepts abstraits \u00e0 des simulations de la vie r\u00e9elle.<\/p>\n\n\n\n<p>Ce qu&#8217;il faut retenir de cette citation, c&#8217;est que l&#8217;int\u00e9gration de la narration dans les initiatives de L&amp;D aidera les employ\u00e9s \u00e0 mieux s&#8217;identifier au contenu et \u00e0 y participer activement, ce qui favorisera un engagement plus profond et des taux de r\u00e9tention plus \u00e9lev\u00e9s.<\/p>\n\n\n\n<p>Suivez Amanda Nguyen si vous \u00eates un professionnel de la formation et du d\u00e9veloppement \u00e0 la recherche d&#8217;une approche innovante pour am\u00e9liorer les modules de formation existants ou si vous souhaitez aider votre \u00e9quipe \u00e0 d\u00e9velopper des comp\u00e9tences pour des exp\u00e9riences d&#8217;apprentissage percutantes.<\/p>\n\n\n\n<h2 class=\"wp-block-heading\"><strong>7. JD Dillon<\/strong><\/h2>\n\n\n\n<figure class=\"wp-block-image size-large\"><img loading=\"lazy\" decoding=\"async\" width=\"1024\" height=\"576\" src=\"https:\/\/www.animaker.fr\/blog\/wp-content\/uploads\/2025\/02\/JD-Dillion-1024x576.png\" alt=\"JD Dillion\" class=\"wp-image-1464\" srcset=\"https:\/\/www.animaker.fr\/blog\/wp-content\/uploads\/2025\/02\/JD-Dillion-1024x576.png 1024w, https:\/\/www.animaker.fr\/blog\/wp-content\/uploads\/2025\/02\/JD-Dillion-300x169.png 300w, https:\/\/www.animaker.fr\/blog\/wp-content\/uploads\/2025\/02\/JD-Dillion-768x432.png 768w, https:\/\/www.animaker.fr\/blog\/wp-content\/uploads\/2025\/02\/JD-Dillion-1536x864.png 1536w, https:\/\/www.animaker.fr\/blog\/wp-content\/uploads\/2025\/02\/JD-Dillion.png 1920w\" sizes=\"(max-width: 1024px) 100vw, 1024px\" \/><\/figure>\n\n\n\n<p><a href=\"https:\/\/www.linkedin.com\/in\/jddillon\/?lipi=urn%3Ali%3Apage%3Ad_flagship3_profile_view_base_recent_activity_content_view%3BnfWMgns4Rg21VLNx1lxHQA%3D%3D\" target=\"_blank\" rel=\"noreferrer noopener\">JD Dillon <\/a>est un expert en apprentissage et en performance qui a plus de vingt ans d&#8217;exp\u00e9rience dans le soutien aux travailleurs de premi\u00e8re ligne en cr\u00e9ant des outils, en proposant des programmes \u00e9ducatifs, etc.<\/p>\n\n\n\n<p>Dans cette citation, JD Dillon souligne le r\u00f4le crucial de l&#8217;IA pour permettre aux organisations d&#8217;aller au-del\u00e0 d&#8217;un contenu g\u00e9n\u00e9rique et inefficace en analysant les donn\u00e9es et les comportements des utilisateurs afin de personnaliser et de fournir un contenu d&#8217;apprentissage efficace.<\/p>\n\n\n\n<p>Il en ressort qu&#8217;en tirant parti de l&#8217;IA, les professionnels de la formation et du d\u00e9veloppement peuvent fournir aux apprenants un contenu pertinent, attrayant et efficace. Les capacit\u00e9s de l&#8217;IA peuvent favoriser des exp\u00e9riences d&#8217;apprentissage personnalis\u00e9es et am\u00e9liorer les r\u00e9sultats globaux de la formation.&nbsp;<\/p>\n\n\n\n<p>Les professionnels de la formation et du d\u00e9veloppement qui s&#8217;int\u00e9ressent aux approches innovantes de l&#8217;apprentissage sur le lieu de travail et aux solutions bas\u00e9es sur la technologie devraient suivre JD Dillon.<\/p>\n\n\n\n<h2 class=\"wp-block-heading\"><strong>8. Debra Stevens<\/strong><\/h2>\n\n\n\n<figure class=\"wp-block-image size-large\"><img loading=\"lazy\" decoding=\"async\" width=\"1024\" height=\"576\" src=\"https:\/\/www.animaker.fr\/blog\/wp-content\/uploads\/2025\/02\/Debra-Stevens-1024x576.png\" alt=\"Debra Stevens\" class=\"wp-image-1463\" srcset=\"https:\/\/www.animaker.fr\/blog\/wp-content\/uploads\/2025\/02\/Debra-Stevens-1024x576.png 1024w, https:\/\/www.animaker.fr\/blog\/wp-content\/uploads\/2025\/02\/Debra-Stevens-300x169.png 300w, https:\/\/www.animaker.fr\/blog\/wp-content\/uploads\/2025\/02\/Debra-Stevens-768x432.png 768w, https:\/\/www.animaker.fr\/blog\/wp-content\/uploads\/2025\/02\/Debra-Stevens-1536x864.png 1536w, https:\/\/www.animaker.fr\/blog\/wp-content\/uploads\/2025\/02\/Debra-Stevens.png 1920w\" sizes=\"(max-width: 1024px) 100vw, 1024px\" \/><\/figure>\n\n\n\n<p><a href=\"https:\/\/www.linkedin.com\/in\/debras\/\" target=\"_blank\" rel=\"noreferrer noopener\">Debra Stevens <\/a>est une coach, conf\u00e9renci\u00e8re et formatrice qui croit en l&#8217;apprentissage par l&#8217;exp\u00e9rience.<\/p>\n\n\n\n<p>Ses ateliers contiennent des formations bas\u00e9es sur des situations afin de donner aux employ\u00e9s une exp\u00e9rience concr\u00e8te dans un environnement s\u00fbr et contr\u00f4l\u00e9.<\/p>\n\n\n\n<p>Dans cette citation, Debra souligne le pouvoir de la narration en tant qu&#8217;outil pour les responsables de l&#8217;apprentissage et du d\u00e9veloppement (L&amp;D).&nbsp;<\/p>\n\n\n\n<p>Il en ressort que les responsables de la formation et du d\u00e9veloppement devraient tirer parti de la narration pour favoriser les changements de comportement, faciliter un apprentissage plus rapide et promouvoir l&#8217;agilit\u00e9 de l&#8217;organisation.<\/p>\n\n\n\n<p>Les entreprises \u00e0 la recherche d&#8217;un apprentissage interactif, engageant et exp\u00e9rientiel devraient suivre Debra Stevens et ses ateliers.<\/p>\n\n\n\n<h2 class=\"wp-block-heading\"><strong>9. Lavinia Mehedin\u021bu<\/strong><\/h2>\n\n\n\n<figure class=\"wp-block-image size-large\"><img loading=\"lazy\" decoding=\"async\" width=\"1024\" height=\"576\" src=\"https:\/\/www.animaker.fr\/blog\/wp-content\/uploads\/2025\/02\/Lavinia-Mehedint\u0326u-1024x576.png\" alt=\"Lavinia Mehedint\u0326u\" class=\"wp-image-1466\" srcset=\"https:\/\/www.animaker.fr\/blog\/wp-content\/uploads\/2025\/02\/Lavinia-Mehedint\u0326u-1024x576.png 1024w, https:\/\/www.animaker.fr\/blog\/wp-content\/uploads\/2025\/02\/Lavinia-Mehedint\u0326u-300x169.png 300w, https:\/\/www.animaker.fr\/blog\/wp-content\/uploads\/2025\/02\/Lavinia-Mehedint\u0326u-768x432.png 768w, https:\/\/www.animaker.fr\/blog\/wp-content\/uploads\/2025\/02\/Lavinia-Mehedint\u0326u-1536x864.png 1536w, https:\/\/www.animaker.fr\/blog\/wp-content\/uploads\/2025\/02\/Lavinia-Mehedint\u0326u.png 1920w\" sizes=\"(max-width: 1024px) 100vw, 1024px\" \/><\/figure>\n\n\n\n<p><a href=\"https:\/\/www.linkedin.com\/in\/laviniamehedintu\/?lipi=urn%3Ali%3Apage%3Ad_flagship3_profile_view_base_recent_activity_content_view%3Bq4RGlq3VQ6GrpkTVdrFMAQ%3D%3D\" target=\"_blank\" rel=\"noreferrer noopener\">Lavinia Mehedin\u021bu <\/a>est cofondatrice et architecte d&#8217;apprentissage chez Offbeat, une plateforme permettant aux professionnels L&amp;D d&#8217;acc\u00e9l\u00e9rer leur d\u00e9veloppement de carri\u00e8re gr\u00e2ce \u00e0 des programmes de formation.<\/p>\n\n\n\n<p>Elle est connue pour ses id\u00e9es pr\u00e9cieuses sur les tendances en mati\u00e8re de formation et de d\u00e9veloppement, l&#8217;apprentissage social et le changement de comportement des employ\u00e9s.&nbsp;<\/p>\n\n\n\n<p>Dans cette citation, Lavinia Mehedin\u021bu affirme que l&#8217;exp\u00e9rience d&#8217;apprentissage globale, y compris des facteurs tels que l&#8217;engagement, l&#8217;interactivit\u00e9, la motivation de l&#8217;apprenant et l&#8217;environnement d&#8217;apprentissage, joue un r\u00f4le crucial dans l&#8217;\u00e9laboration des r\u00e9sultats d&#8217;apprentissage.<\/p>\n\n\n\n<p>Ce qu&#8217;il faut retenir de cette citation, c&#8217;est que les concepteurs p\u00e9dagogiques et les \u00e9ducateurs doivent se concentrer non seulement sur la fourniture d&#8217;un contenu informatif, mais aussi sur la cr\u00e9ation d&#8217;environnements d&#8217;apprentissage attrayants et favorables qui renforcent la participation, la motivation et la r\u00e9tention de l&#8217;apprenant.<\/p>\n\n\n\n<p>Les professionnels de la formation et du d\u00e9veloppement qui souhaitent faire progresser leur carri\u00e8re dans ce domaine devraient suivre Lavinia Mehedin\u021bu pour ses conseils et ses programmes de formation attrayants.<\/p>\n\n\n\n<h2 class=\"wp-block-heading\"><strong>10. Nick Shackleton Jones<\/strong><\/h2>\n\n\n\n<figure class=\"wp-block-image size-large\"><img loading=\"lazy\" decoding=\"async\" width=\"1024\" height=\"576\" src=\"https:\/\/www.animaker.fr\/blog\/wp-content\/uploads\/2025\/02\/Nick-Shackleton-Jones-1024x576.png\" alt=\"Nick Shackleton-Jones\" class=\"wp-image-1467\" srcset=\"https:\/\/www.animaker.fr\/blog\/wp-content\/uploads\/2025\/02\/Nick-Shackleton-Jones-1024x576.png 1024w, https:\/\/www.animaker.fr\/blog\/wp-content\/uploads\/2025\/02\/Nick-Shackleton-Jones-300x169.png 300w, https:\/\/www.animaker.fr\/blog\/wp-content\/uploads\/2025\/02\/Nick-Shackleton-Jones-768x432.png 768w, https:\/\/www.animaker.fr\/blog\/wp-content\/uploads\/2025\/02\/Nick-Shackleton-Jones-1536x864.png 1536w, https:\/\/www.animaker.fr\/blog\/wp-content\/uploads\/2025\/02\/Nick-Shackleton-Jones.png 1920w\" sizes=\"(max-width: 1024px) 100vw, 1024px\" \/><\/figure>\n\n\n\n<p><a href=\"https:\/\/www.linkedin.com\/in\/shackletonjones\/?lipi=urn%3Ali%3Apage%3Ad_flagship3_profile_view_base_recent_activity_content_view%3BHO3X8f1JSee02zdB2QgSGg%3D%3D\" target=\"_blank\" rel=\"noreferrer noopener\">Nick Shackleton Jones <\/a>est connu dans le secteur de la formation et du d\u00e9veloppement pour ses approches novatrices de la conception de l&#8217;apprentissage et pour l&#8217;importance qu&#8217;il accorde \u00e0 l&#8217;apprentissage centr\u00e9 sur l&#8217;\u00eatre humain.<\/p>\n\n\n\n<p>Nick a contribu\u00e9 de mani\u00e8re significative au domaine du conseil en performance, en aidant les organisations \u00e0 identifier et \u00e0 r\u00e9pondre aux besoins r\u00e9els de leurs employ\u00e9s par le biais d&#8217;un apprentissage cibl\u00e9.<\/p>\n\n\n\n<p>Dans cette citation, Nick insiste sur le fait que le r\u00f4le de l&#8217;IA dans le domaine de la formation et du d\u00e9veloppement doit \u00eatre de soutenir les apprenants en leur offrant des conseils personnalis\u00e9s dans leur flux de travail afin d&#8217;am\u00e9liorer leurs exp\u00e9riences d&#8217;apprentissage globales.<\/p>\n\n\n\n<p>L&#8217;essentiel est de se concentrer sur l&#8217;exploitation des technologies de l&#8217;IA non seulement pour la cr\u00e9ation de contenu, mais aussi pour am\u00e9liorer l&#8217;apprentissage gr\u00e2ce \u00e0 un soutien et \u00e0 des conseils en temps r\u00e9el dans des sc\u00e9narios pratiques et quotidiens.<\/p>\n\n\n\n<p>Les professionnels du secteur de la formation et du d\u00e9veloppement, tels que les concepteurs p\u00e9dagogiques, les concepteurs d&#8217;exp\u00e9riences d&#8217;apprentissage et les consultants en performance, devraient suivre Nick Shackleton-Jones pour ses id\u00e9es sur la cr\u00e9ation d&#8217;exp\u00e9riences d&#8217;apprentissage significatives et \u00e9motionnellement r\u00e9sonnantes afin d&#8217;am\u00e9liorer l&#8217;efficacit\u00e9 et l&#8217;engagement des programmes de formation.&nbsp;&nbsp;<\/p>\n\n\n\n<h2 class=\"wp-block-heading\"><strong>11. Tom Kuhlmann<\/strong><\/h2>\n\n\n\n<figure class=\"wp-block-image size-large\"><img loading=\"lazy\" decoding=\"async\" width=\"1024\" height=\"576\" src=\"https:\/\/www.animaker.fr\/blog\/wp-content\/uploads\/2025\/02\/Tom-Kuhlmann-1024x576.png\" alt=\"Tom Kuhlmann\" class=\"wp-image-1470\" srcset=\"https:\/\/www.animaker.fr\/blog\/wp-content\/uploads\/2025\/02\/Tom-Kuhlmann-1024x576.png 1024w, https:\/\/www.animaker.fr\/blog\/wp-content\/uploads\/2025\/02\/Tom-Kuhlmann-300x169.png 300w, https:\/\/www.animaker.fr\/blog\/wp-content\/uploads\/2025\/02\/Tom-Kuhlmann-768x432.png 768w, https:\/\/www.animaker.fr\/blog\/wp-content\/uploads\/2025\/02\/Tom-Kuhlmann-1536x864.png 1536w, https:\/\/www.animaker.fr\/blog\/wp-content\/uploads\/2025\/02\/Tom-Kuhlmann.png 1920w\" sizes=\"(max-width: 1024px) 100vw, 1024px\" \/><\/figure>\n\n\n\n<p><a href=\"https:\/\/www.linkedin.com\/in\/tomkuhlmann\/\" target=\"_blank\" rel=\"noreferrer noopener\">Tom Kuhlmann <\/a>est l&#8217;architecte en chef de l&#8217;apprentissage chez Articulate, une soci\u00e9t\u00e9 qui cr\u00e9e des logiciels pour d\u00e9velopper des cours d&#8217;apprentissage en ligne,<\/p>\n\n\n\n<p>Avec plus de 20 ans d&#8217;exp\u00e9rience dans le domaine de l&#8217;apprentissage en ligne et de la conception p\u00e9dagogique, Tom Kuhlmann met l&#8217;accent sur des solutions d&#8217;apprentissage en ligne pratiques, accessibles et de haute qualit\u00e9, ce qui a fait de lui une personnalit\u00e9 respect\u00e9e et influente dans le domaine de la formation et du d\u00e9veloppement professionnel.<\/p>\n\n\n\n<p>Dans cette citation, Tom pr\u00e9conise de concevoir un contenu qui s&#8217;aligne sur des objectifs d&#8217;apprentissage sp\u00e9cifiques et sugg\u00e8re une approche cibl\u00e9e de l&#8217;apprentissage en ligne, en veillant \u00e0 ce que chaque \u00e9l\u00e9ment de contenu ait un objectif clair.<\/p>\n\n\n\n<p>Le principal enseignement \u00e0 tirer de cette citation est qu&#8217;il faut donner la priorit\u00e9 \u00e0 la clart\u00e9 et \u00e0 la pertinence dans la conception de l&#8217;apprentissage en ligne. En se concentrant sur les informations essentielles qui soutiennent les objectifs, les concepteurs p\u00e9dagogiques peuvent cr\u00e9er des exp\u00e9riences eLearning plus efficaces et plus engageantes, en \u00e9vitant la surcharge d&#8217;informations.<\/p>\n\n\n\n<p>Les concepteurs p\u00e9dagogiques, les d\u00e9veloppeurs d&#8217;e-learning et les formateurs d&#8217;entreprise dans le secteur de la formation et du d\u00e9veloppement devraient suivre Tom Kuhlmann pour son expertise en mati\u00e8re de d\u00e9veloppement rapide d&#8217;e-learning et de conception centr\u00e9e sur l&#8217;apprenant.<\/p>\n\n\n\n<p class=\"has-text-align-center\">***<\/p>\n\n\n\n<p>Nous venons d&#8217;examiner quelques citations sur apprentissage et le d\u00e9veloppement qui parlent de l&#8217;int\u00e9gration de l&#8217;IA, du pouvoir de la narration et de l&#8217;efficacit\u00e9 de la vid\u00e9o dans l&#8217;apprentissage en ligne.<\/p>\n\n\n\n<p>\u00c0 l&#8217;\u00e8re du num\u00e9rique, o\u00f9 la dur\u00e9e d&#8217;attention est r\u00e9duite, des images captivantes et une narration dynamique sont essentielles pour capter et inspirer le public.<\/p>\n\n\n\n<p>Il est donc essentiel de cr\u00e9er un contenu attrayant pour cr\u00e9er des exp\u00e9riences d&#8217;apprentissage significatives et maximiser les taux de r\u00e9tention parmi les apprenants.<\/p>\n\n\n\n<p><a href=\"http:\/\/www.animaker.fr\/\" target=\"_blank\" rel=\"noreferrer noopener\">Animaker<\/a> peut \u00eatre une excellente solution pour raconter des histoires et cr\u00e9er des visuels attrayants. Il permet aux professionnels de la formation et du d\u00e9veloppement de cr\u00e9er des contenus percutants avec des personnages anim\u00e9s, des voix off IA et des sous-titres.<\/p>\n\n\n\n<p>D\u00e9couvrez Animaker et cr\u00e9ez vos vid\u00e9os eLearning immersives d\u00e8s aujourd&#8217;hui !<\/p>\n","protected":false},"excerpt":{"rendered":"<p>Soyons honn\u00eates. Le r\u00f4le d&#8217;un professionnel du L&amp;D (Learning and Development) n&#8217;est pas facile.\u00a0 Ils doivent constamment se tenir au courant des derni\u00e8res tendances en mati\u00e8re de formation et de d\u00e9veloppement tout en s&#8217;effor\u00e7ant d&#8217;atteindre les r\u00e9sultats escompt\u00e9s. C&#8217;est un travail exigeant qui n\u00e9cessite de rester en t\u00eate dans un domaine en constante \u00e9volution. Sur [&hellip;]<\/p>\n","protected":false},"author":123458,"featured_media":1473,"comment_status":"open","ping_status":"open","sticky":false,"template":"","format":"standard","meta":{"footnotes":""},"categories":[17],"tags":[142,143,144],"yoast_head":"<!-- This site is optimized with the Yoast SEO plugin v22.2 - https:\/\/yoast.com\/wordpress\/plugins\/seo\/ -->\n<title>11 citations sur apprentissage et le d\u00e9veloppement!<\/title>\n<meta name=\"description\" content=\"Am\u00e9liorez vos strat\u00e9gies de formation et la croissance de vos employ\u00e9s avec ces 11 citations sur apprentissage et de d\u00e9veloppement des meilleurs leaders du secteur L&amp;D.\" \/>\n<meta name=\"robots\" content=\"index, follow, max-snippet:-1, max-image-preview:large, max-video-preview:-1\" \/>\n<link rel=\"canonical\" href=\"https:\/\/www.animaker.fr\/blog\/citations-sur-apprentissage-et-le-developpement\/\" \/>\n<meta property=\"og:locale\" content=\"en_US\" \/>\n<meta property=\"og:type\" content=\"article\" \/>\n<meta property=\"og:title\" content=\"11 citations sur apprentissage et le d\u00e9veloppement!\" \/>\n<meta property=\"og:description\" content=\"Am\u00e9liorez vos strat\u00e9gies de formation et la croissance de vos employ\u00e9s avec ces 11 citations sur apprentissage et de d\u00e9veloppement des meilleurs leaders du secteur L&amp;D.\" \/>\n<meta property=\"og:url\" content=\"https:\/\/www.animaker.fr\/blog\/citations-sur-apprentissage-et-le-developpement\/\" \/>\n<meta property=\"og:site_name\" content=\"Blog sobre Cria\u00e7\u00e3o e Marketing de V\u00eddeo\" \/>\n<meta property=\"article:published_time\" content=\"2025-02-14T05:25:57+00:00\" \/>\n<meta property=\"article:modified_time\" content=\"2025-02-22T15:26:36+00:00\" \/>\n<meta property=\"og:image\" content=\"https:\/\/www.animaker.fr\/blog\/wp-content\/uploads\/2025\/02\/FR-lnd-quotes.png\" \/>\n\t<meta property=\"og:image:width\" content=\"760\" \/>\n\t<meta property=\"og:image:height\" content=\"340\" \/>\n\t<meta property=\"og:image:type\" content=\"image\/png\" \/>\n<meta name=\"author\" content=\"shreshtra\" \/>\n<meta name=\"twitter:card\" content=\"summary_large_image\" \/>\n<meta name=\"twitter:label1\" content=\"Written by\" \/>\n\t<meta name=\"twitter:data1\" content=\"shreshtra\" \/>\n\t<meta name=\"twitter:label2\" content=\"Est. reading time\" \/>\n\t<meta name=\"twitter:data2\" content=\"13 minutes\" \/>\n<script type=\"application\/ld+json\" class=\"yoast-schema-graph\">{\"@context\":\"https:\/\/schema.org\",\"@graph\":[{\"@type\":\"WebPage\",\"@id\":\"https:\/\/www.animaker.fr\/blog\/citations-sur-apprentissage-et-le-developpement\/\",\"url\":\"https:\/\/www.animaker.fr\/blog\/citations-sur-apprentissage-et-le-developpement\/\",\"name\":\"11 citations sur apprentissage et le d\u00e9veloppement!\",\"isPartOf\":{\"@id\":\"https:\/\/www.animaker.fr\/blog\/#website\"},\"primaryImageOfPage\":{\"@id\":\"https:\/\/www.animaker.fr\/blog\/citations-sur-apprentissage-et-le-developpement\/#primaryimage\"},\"image\":{\"@id\":\"https:\/\/www.animaker.fr\/blog\/citations-sur-apprentissage-et-le-developpement\/#primaryimage\"},\"thumbnailUrl\":\"https:\/\/www.animaker.fr\/blog\/wp-content\/uploads\/2025\/02\/FR-lnd-quotes.png\",\"datePublished\":\"2025-02-14T05:25:57+00:00\",\"dateModified\":\"2025-02-22T15:26:36+00:00\",\"author\":{\"@id\":\"https:\/\/www.animaker.fr\/blog\/#\/schema\/person\/5f546f103152cbe5f306acdb3207e559\"},\"description\":\"Am\u00e9liorez vos strat\u00e9gies de formation et la croissance de vos employ\u00e9s avec ces 11 citations sur apprentissage et de d\u00e9veloppement des meilleurs leaders du secteur L&D.\",\"breadcrumb\":{\"@id\":\"https:\/\/www.animaker.fr\/blog\/citations-sur-apprentissage-et-le-developpement\/#breadcrumb\"},\"inLanguage\":\"en-US\",\"potentialAction\":[{\"@type\":\"ReadAction\",\"target\":[\"https:\/\/www.animaker.fr\/blog\/citations-sur-apprentissage-et-le-developpement\/\"]}]},{\"@type\":\"ImageObject\",\"inLanguage\":\"en-US\",\"@id\":\"https:\/\/www.animaker.fr\/blog\/citations-sur-apprentissage-et-le-developpement\/#primaryimage\",\"url\":\"https:\/\/www.animaker.fr\/blog\/wp-content\/uploads\/2025\/02\/FR-lnd-quotes.png\",\"contentUrl\":\"https:\/\/www.animaker.fr\/blog\/wp-content\/uploads\/2025\/02\/FR-lnd-quotes.png\",\"width\":760,\"height\":340,\"caption\":\"citations sur apprentissage et le d\u00e9veloppement\"},{\"@type\":\"BreadcrumbList\",\"@id\":\"https:\/\/www.animaker.fr\/blog\/citations-sur-apprentissage-et-le-developpement\/#breadcrumb\",\"itemListElement\":[{\"@type\":\"ListItem\",\"position\":1,\"name\":\"Home\",\"item\":\"https:\/\/www.animaker.fr\/blog\/\"},{\"@type\":\"ListItem\",\"position\":2,\"name\":\"11 citations sur apprentissage et le d\u00e9veloppement de vos leaders L&#038;D pr\u00e9f\u00e9r\u00e9s\u00a0!\"}]},{\"@type\":\"WebSite\",\"@id\":\"https:\/\/www.animaker.fr\/blog\/#website\",\"url\":\"https:\/\/www.animaker.fr\/blog\/\",\"name\":\"Blog sobre Cria\u00e7\u00e3o e Marketing de V\u00eddeo\",\"description\":\"Just another WordPress site\",\"potentialAction\":[{\"@type\":\"SearchAction\",\"target\":{\"@type\":\"EntryPoint\",\"urlTemplate\":\"https:\/\/www.animaker.fr\/blog\/?s={search_term_string}\"},\"query-input\":\"required name=search_term_string\"}],\"inLanguage\":\"en-US\"},{\"@type\":\"Person\",\"@id\":\"https:\/\/www.animaker.fr\/blog\/#\/schema\/person\/5f546f103152cbe5f306acdb3207e559\",\"name\":\"shreshtra\",\"image\":{\"@type\":\"ImageObject\",\"inLanguage\":\"en-US\",\"@id\":\"https:\/\/www.animaker.fr\/blog\/#\/schema\/person\/image\/\",\"url\":\"https:\/\/secure.gravatar.com\/avatar\/f7cfb10efd71ba0b5d20ec0c7e05ada9?s=96&d=mm&r=g\",\"contentUrl\":\"https:\/\/secure.gravatar.com\/avatar\/f7cfb10efd71ba0b5d20ec0c7e05ada9?s=96&d=mm&r=g\",\"caption\":\"shreshtra\"},\"url\":\"https:\/\/www.animaker.fr\/blog\/author\/shreshtra\/\"}]}<\/script>\n<!-- \/ Yoast SEO plugin. -->","yoast_head_json":{"title":"11 citations sur apprentissage et le d\u00e9veloppement!","description":"Am\u00e9liorez vos strat\u00e9gies de formation et la croissance de vos employ\u00e9s avec ces 11 citations sur apprentissage et de d\u00e9veloppement des meilleurs leaders du secteur L&D.","robots":{"index":"index","follow":"follow","max-snippet":"max-snippet:-1","max-image-preview":"max-image-preview:large","max-video-preview":"max-video-preview:-1"},"canonical":"https:\/\/www.animaker.fr\/blog\/citations-sur-apprentissage-et-le-developpement\/","og_locale":"en_US","og_type":"article","og_title":"11 citations sur apprentissage et le d\u00e9veloppement!","og_description":"Am\u00e9liorez vos strat\u00e9gies de formation et la croissance de vos employ\u00e9s avec ces 11 citations sur apprentissage et de d\u00e9veloppement des meilleurs leaders du secteur L&D.","og_url":"https:\/\/www.animaker.fr\/blog\/citations-sur-apprentissage-et-le-developpement\/","og_site_name":"Blog sobre Cria\u00e7\u00e3o e Marketing de V\u00eddeo","article_published_time":"2025-02-14T05:25:57+00:00","article_modified_time":"2025-02-22T15:26:36+00:00","og_image":[{"width":760,"height":340,"url":"https:\/\/www.animaker.fr\/blog\/wp-content\/uploads\/2025\/02\/FR-lnd-quotes.png","type":"image\/png"}],"author":"shreshtra","twitter_card":"summary_large_image","twitter_misc":{"Written by":"shreshtra","Est. reading time":"13 minutes"},"schema":{"@context":"https:\/\/schema.org","@graph":[{"@type":"WebPage","@id":"https:\/\/www.animaker.fr\/blog\/citations-sur-apprentissage-et-le-developpement\/","url":"https:\/\/www.animaker.fr\/blog\/citations-sur-apprentissage-et-le-developpement\/","name":"11 citations sur apprentissage et le d\u00e9veloppement!","isPartOf":{"@id":"https:\/\/www.animaker.fr\/blog\/#website"},"primaryImageOfPage":{"@id":"https:\/\/www.animaker.fr\/blog\/citations-sur-apprentissage-et-le-developpement\/#primaryimage"},"image":{"@id":"https:\/\/www.animaker.fr\/blog\/citations-sur-apprentissage-et-le-developpement\/#primaryimage"},"thumbnailUrl":"https:\/\/www.animaker.fr\/blog\/wp-content\/uploads\/2025\/02\/FR-lnd-quotes.png","datePublished":"2025-02-14T05:25:57+00:00","dateModified":"2025-02-22T15:26:36+00:00","author":{"@id":"https:\/\/www.animaker.fr\/blog\/#\/schema\/person\/5f546f103152cbe5f306acdb3207e559"},"description":"Am\u00e9liorez vos strat\u00e9gies de formation et la croissance de vos employ\u00e9s avec ces 11 citations sur apprentissage et de d\u00e9veloppement des meilleurs leaders du secteur L&D.","breadcrumb":{"@id":"https:\/\/www.animaker.fr\/blog\/citations-sur-apprentissage-et-le-developpement\/#breadcrumb"},"inLanguage":"en-US","potentialAction":[{"@type":"ReadAction","target":["https:\/\/www.animaker.fr\/blog\/citations-sur-apprentissage-et-le-developpement\/"]}]},{"@type":"ImageObject","inLanguage":"en-US","@id":"https:\/\/www.animaker.fr\/blog\/citations-sur-apprentissage-et-le-developpement\/#primaryimage","url":"https:\/\/www.animaker.fr\/blog\/wp-content\/uploads\/2025\/02\/FR-lnd-quotes.png","contentUrl":"https:\/\/www.animaker.fr\/blog\/wp-content\/uploads\/2025\/02\/FR-lnd-quotes.png","width":760,"height":340,"caption":"citations sur apprentissage et le d\u00e9veloppement"},{"@type":"BreadcrumbList","@id":"https:\/\/www.animaker.fr\/blog\/citations-sur-apprentissage-et-le-developpement\/#breadcrumb","itemListElement":[{"@type":"ListItem","position":1,"name":"Home","item":"https:\/\/www.animaker.fr\/blog\/"},{"@type":"ListItem","position":2,"name":"11 citations sur apprentissage et le d\u00e9veloppement de vos leaders L&#038;D pr\u00e9f\u00e9r\u00e9s\u00a0!"}]},{"@type":"WebSite","@id":"https:\/\/www.animaker.fr\/blog\/#website","url":"https:\/\/www.animaker.fr\/blog\/","name":"Blog sobre Cria\u00e7\u00e3o e Marketing de V\u00eddeo","description":"Just another WordPress site","potentialAction":[{"@type":"SearchAction","target":{"@type":"EntryPoint","urlTemplate":"https:\/\/www.animaker.fr\/blog\/?s={search_term_string}"},"query-input":"required name=search_term_string"}],"inLanguage":"en-US"},{"@type":"Person","@id":"https:\/\/www.animaker.fr\/blog\/#\/schema\/person\/5f546f103152cbe5f306acdb3207e559","name":"shreshtra","image":{"@type":"ImageObject","inLanguage":"en-US","@id":"https:\/\/www.animaker.fr\/blog\/#\/schema\/person\/image\/","url":"https:\/\/secure.gravatar.com\/avatar\/f7cfb10efd71ba0b5d20ec0c7e05ada9?s=96&d=mm&r=g","contentUrl":"https:\/\/secure.gravatar.com\/avatar\/f7cfb10efd71ba0b5d20ec0c7e05ada9?s=96&d=mm&r=g","caption":"shreshtra"},"url":"https:\/\/www.animaker.fr\/blog\/author\/shreshtra\/"}]}},"_links":{"self":[{"href":"https:\/\/www.animaker.fr\/blog\/wp-json\/wp\/v2\/posts\/1472"}],"collection":[{"href":"https:\/\/www.animaker.fr\/blog\/wp-json\/wp\/v2\/posts"}],"about":[{"href":"https:\/\/www.animaker.fr\/blog\/wp-json\/wp\/v2\/types\/post"}],"author":[{"embeddable":true,"href":"https:\/\/www.animaker.fr\/blog\/wp-json\/wp\/v2\/users\/123458"}],"replies":[{"embeddable":true,"href":"https:\/\/www.animaker.fr\/blog\/wp-json\/wp\/v2\/comments?post=1472"}],"version-history":[{"count":4,"href":"https:\/\/www.animaker.fr\/blog\/wp-json\/wp\/v2\/posts\/1472\/revisions"}],"predecessor-version":[{"id":1477,"href":"https:\/\/www.animaker.fr\/blog\/wp-json\/wp\/v2\/posts\/1472\/revisions\/1477"}],"wp:featuredmedia":[{"embeddable":true,"href":"https:\/\/www.animaker.fr\/blog\/wp-json\/wp\/v2\/media\/1473"}],"wp:attachment":[{"href":"https:\/\/www.animaker.fr\/blog\/wp-json\/wp\/v2\/media?parent=1472"}],"wp:term":[{"taxonomy":"category","embeddable":true,"href":"https:\/\/www.animaker.fr\/blog\/wp-json\/wp\/v2\/categories?post=1472"},{"taxonomy":"post_tag","embeddable":true,"href":"https:\/\/www.animaker.fr\/blog\/wp-json\/wp\/v2\/tags?post=1472"}],"curies":[{"name":"wp","href":"https:\/\/api.w.org\/{rel}","templated":true}]}}